{"id":98,"date":"2024-11-16T23:59:19","date_gmt":"2024-11-16T22:59:19","guid":{"rendered":"https:\/\/wordpress.mu-niederbayern.de\/?p=98"},"modified":"2024-11-20T02:16:10","modified_gmt":"2024-11-20T01:16:10","slug":"unternehmerfruehstueck-starke-unternehmerinnen","status":"publish","type":"post","link":"https:\/\/mu-niederbayern.de\/?p=98","title":{"rendered":"Unternehmerfr\u00fchst\u00fcck &#8222;Starke Unternehmerinnen&#8220;"},"content":{"rendered":"\t\t<div data-elementor-type=\"wp-post\" data-elementor-id=\"98\" class=\"elementor elementor-98\" data-elementor-post-type=\"post\">\n\t\t\t\t<div class=\"elementor-element elementor-element-92fa386 e-flex e-con-boxed e-con e-parent\" data-id=\"92fa386\" data-element_type=\"container\">\n\t\t\t\t\t<div class=\"e-con-inner\">\n\t\t\t\t<div class=\"elementor-element elementor-element-979951f elementor-widget elementor-widget-spacer\" data-id=\"979951f\" data-element_type=\"widget\" data-widget_type=\"spacer.default\">\n\t\t\t\t<div class=\"elementor-widget-container\">\n\t\t\t\t\t\t\t<div class=\"elementor-spacer\">\n\t\t\t<div class=\"elementor-spacer-inner\"><\/div>\n\t\t<\/div>\n\t\t\t\t\t\t<\/div>\n\t\t\t\t<\/div>\n\t\t\t\t<div class=\"elementor-element elementor-element-21db41f elementor-widget elementor-widget-heading\" data-id=\"21db41f\" data-element_type=\"widget\" data-widget_type=\"heading.default\">\n\t\t\t\t<div class=\"elementor-widget-container\">\n\t\t\t\t\t<h2 class=\"elementor-heading-title elementor-size-default\">Unternehmerfr\u00fchst\u00fcck \"Starke Unternehmerinnen\"<\/h2>\t\t\t\t<\/div>\n\t\t\t\t<\/div>\n\t\t\t\t<div class=\"elementor-element elementor-element-6462383 elementor-widget elementor-widget-image\" data-id=\"6462383\" data-element_type=\"widget\" data-widget_type=\"image.default\">\n\t\t\t\t<div class=\"elementor-widget-container\">\n\t\t\t\t\t\t\t\t\t\t\t\t\t\t\t<img fetchpriority=\"high\" decoding=\"async\" width=\"1024\" height=\"576\" src=\"https:\/\/mu-niederbayern.de\/wp-content\/uploads\/2024\/11\/WhatsApp-Image-2024-11-16-at-11.44.26-1024x576.jpeg\" class=\"attachment-large size-large wp-image-218\" alt=\"\" srcset=\"https:\/\/mu-niederbayern.de\/wp-content\/uploads\/2024\/11\/WhatsApp-Image-2024-11-16-at-11.44.26-1024x576.jpeg 1024w, https:\/\/mu-niederbayern.de\/wp-content\/uploads\/2024\/11\/WhatsApp-Image-2024-11-16-at-11.44.26-300x169.jpeg 300w, https:\/\/mu-niederbayern.de\/wp-content\/uploads\/2024\/11\/WhatsApp-Image-2024-11-16-at-11.44.26-768x432.jpeg 768w, https:\/\/mu-niederbayern.de\/wp-content\/uploads\/2024\/11\/WhatsApp-Image-2024-11-16-at-11.44.26-1536x864.jpeg 1536w, https:\/\/mu-niederbayern.de\/wp-content\/uploads\/2024\/11\/WhatsApp-Image-2024-11-16-at-11.44.26.jpeg 1932w\" sizes=\"(max-width: 1024px) 100vw, 1024px\" \/>\t\t\t\t\t\t\t\t\t\t\t\t\t\t\t<\/div>\n\t\t\t\t<\/div>\n\t\t\t\t<div class=\"elementor-element elementor-element-7a27106 elementor-widget elementor-widget-text-editor\" data-id=\"7a27106\" data-element_type=\"widget\" data-widget_type=\"text-editor.default\">\n\t\t\t\t<div class=\"elementor-widget-container\">\n\t\t\t\t\t\t\t\t\t<p>Am 16.11.2024 luden die CSU-Arbeitskreise der Mittelstandsunion sowie der Frauenunion zusammen zu einem Unternehmerfr\u00fchst\u00fcck mit dem Motto \u201eStarke Unternehmerinnen\u201c in das Hotel Maximilian in Dingolfing ein.<\/p><p>Nach kurzer Begr\u00fc\u00dfung durch den MU Kreisvorsitzenden Julius Bayer und der stellvertretenden FU Kreisvorsitzenden Sabine Schulte, richtete G\u00fcnter Baumgartner das Wort an die G\u00e4ste. Er stellte sich als Bewerber f\u00fcr das Bundestagsmandat des Wahlkreises Rottal-Inn vor und kommentierte die aktuellen politischen Entwicklungen. Seinen Einsch\u00e4tzungen folgten Wortmeldungen von MU-Bezirksvorsitzenden Peter Erl und Staatsminister a.D. Erwin Huber. Auch der JU-Ortsvorsitzende von Dingolfing, Simon Palko, war der Einladung zum Unternehmerfr\u00fchst\u00fcck gefolgt.<\/p><p>Bei dem anschlie\u00dfenden Fr\u00fchst\u00fcck lauschten die Interessierten den Ausf\u00fchrungen von Hanns Brennsteiner, der \u00fcber die Unternehmungen von Hotel-Inhaberin Frau Daniela Haslberger und ihrer Familie berichtete. Vor allem die Unternehmerinnen haben dabei immer eine entscheidende Rolle gespielt.<\/p><p>Darauf folgten angeregte Gespr\u00e4che, gegenseitiges Kennenlernen sowie Wiedersehen und Lachen mit alten Weggef\u00e4hrtinnen. Alle waren sich einig, dass das Format ein voller Erfolg war und die Zusammenarbeit \u00fcber die jeweiligen Arbeitskreise hinaus in Zukunft fortgesetzt werden soll.<\/p>\t\t\t\t\t\t\t\t<\/div>\n\t\t\t\t<\/div>\n\t\t\t\t<div class=\"elementor-element elementor-element-3f06aaf elementor-widget elementor-widget-text-editor\" data-id=\"3f06aaf\" data-element_type=\"widget\" data-widget_type=\"text-editor.default\">\n\t\t\t\t<div class=\"elementor-widget-container\">\n\t\t\t\t\t\t\t\t\t<p>Bild &amp; Text: Julius Bayer \/ MU Kreisverband Dingolfing-Landau<\/p>\t\t\t\t\t\t\t\t<\/div>\n\t\t\t\t<\/div>\n\t\t\t\t\t<\/div>\n\t\t\t\t<\/div>\n\t\t<div class=\"elementor-element elementor-element-56f498df e-flex e-con-boxed e-con e-parent\" data-id=\"56f498df\" data-element_type=\"container\" data-settings=\"{&quot;background_background&quot;:&quot;classic&quot;}\">\n\t\t\t\t\t<div class=\"e-con-inner\">\n\t\t<div class=\"elementor-element elementor-element-59a9492c e-con-full e-flex e-con e-child\" data-id=\"59a9492c\" data-element_type=\"container\">\n\t\t\t\t<div class=\"elementor-element elementor-element-4e46504 elementor-widget elementor-widget-image\" data-id=\"4e46504\" data-element_type=\"widget\" data-widget_type=\"image.default\">\n\t\t\t\t<div class=\"elementor-widget-container\">\n\t\t\t\t\t\t\t\t\t\t\t\t\t\t\t<img decoding=\"async\" width=\"512\" height=\"271\" src=\"https:\/\/mu-niederbayern.de\/wp-content\/uploads\/2024\/11\/csu-logo-1c_neg-web.png\" class=\"attachment-large size-large wp-image-135\" alt=\"\" srcset=\"https:\/\/mu-niederbayern.de\/wp-content\/uploads\/2024\/11\/csu-logo-1c_neg-web.png 512w, https:\/\/mu-niederbayern.de\/wp-content\/uploads\/2024\/11\/csu-logo-1c_neg-web-300x159.png 300w\" sizes=\"(max-width: 512px) 100vw, 512px\" \/>\t\t\t\t\t\t\t\t\t\t\t\t\t\t\t<\/div>\n\t\t\t\t<\/div>\n\t\t\t\t<\/div>\n\t\t<div class=\"elementor-element elementor-element-7180649f e-con-full e-flex e-con e-child\" data-id=\"7180649f\" data-element_type=\"container\">\n\t\t\t\t<div class=\"elementor-element elementor-element-6a0edad4 elementor-widget elementor-widget-text-editor\" data-id=\"6a0edad4\" data-element_type=\"widget\" data-widget_type=\"text-editor.default\">\n\t\t\t\t<div class=\"elementor-widget-container\">\n\t\t\t\t\t\t\t\t\t<p>Bezirksvorsitzender Dipl.-Ing. (FH) Peter Erl<br \/>Bezirksgesch\u00e4ftsstelle Straubing<br \/>M\u00fchlsteingasse 7<br \/>94315 Straubing<br \/>Telefon: 09421-189950<\/p>\t\t\t\t\t\t\t\t<\/div>\n\t\t\t\t<\/div>\n\t\t\t\t<\/div>\n\t\t<div class=\"elementor-element elementor-element-17542ebf e-con-full e-flex e-con e-child\" data-id=\"17542ebf\" data-element_type=\"container\">\n\t\t\t\t<div class=\"elementor-element elementor-element-8a97094 elementor-shape-circle elementor-grid-2 e-grid-align-center elementor-widget elementor-widget-social-icons\" data-id=\"8a97094\" data-element_type=\"widget\" data-widget_type=\"social-icons.default\">\n\t\t\t\t<div class=\"elementor-widget-container\">\n\t\t\t\t\t\t\t<div class=\"elementor-social-icons-wrapper elementor-grid\">\n\t\t\t\t\t\t\t<span class=\"elementor-grid-item\">\n\t\t\t\t\t<a class=\"elementor-icon elementor-social-icon elementor-social-icon-facebook elementor-repeater-item-865b53c\" href=\"https:\/\/www.facebook.com\/mu.niederbayern\" target=\"_blank\">\n\t\t\t\t\t\t<span class=\"elementor-screen-only\">Facebook<\/span>\n\t\t\t\t\t\t<svg class=\"e-font-icon-svg e-fab-facebook\" viewBox=\"0 0 512 512\" xmlns=\"http:\/\/www.w3.org\/2000\/svg\"><path d=\"M504 256C504 119 393 8 256 8S8 119 8 256c0 123.78 90.69 226.38 209.25 245V327.69h-63V256h63v-54.64c0-62.15 37-96.48 93.67-96.48 27.14 0 55.52 4.84 55.52 4.84v61h-31.28c-30.8 0-40.41 19.12-40.41 38.73V256h68.78l-11 71.69h-57.78V501C413.31 482.38 504 379.78 504 256z\"><\/path><\/svg>\t\t\t\t\t<\/a>\n\t\t\t\t<\/span>\n\t\t\t\t\t\t\t<span class=\"elementor-grid-item\">\n\t\t\t\t\t<a class=\"elementor-icon elementor-social-icon elementor-social-icon-instagram elementor-repeater-item-dfe71c9\" href=\"https:\/\/www.instagram.com\/mu_niederbayern\/\" target=\"_blank\">\n\t\t\t\t\t\t<span class=\"elementor-screen-only\">Instagram<\/span>\n\t\t\t\t\t\t<svg class=\"e-font-icon-svg e-fab-instagram\" viewBox=\"0 0 448 512\" xmlns=\"http:\/\/www.w3.org\/2000\/svg\"><path d=\"M224.1 141c-63.6 0-114.9 51.3-114.9 114.9s51.3 114.9 114.9 114.9S339 319.5 339 255.9 287.7 141 224.1 141zm0 189.6c-41.1 0-74.7-33.5-74.7-74.7s33.5-74.7 74.7-74.7 74.7 33.5 74.7 74.7-33.6 74.7-74.7 74.7zm146.4-194.3c0 14.9-12 26.8-26.8 26.8-14.9 0-26.8-12-26.8-26.8s12-26.8 26.8-26.8 26.8 12 26.8 26.8zm76.1 27.2c-1.7-35.9-9.9-67.7-36.2-93.9-26.2-26.2-58-34.4-93.9-36.2-37-2.1-147.9-2.1-184.9 0-35.8 1.7-67.6 9.9-93.9 36.1s-34.4 58-36.2 93.9c-2.1 37-2.1 147.9 0 184.9 1.7 35.9 9.9 67.7 36.2 93.9s58 34.4 93.9 36.2c37 2.1 147.9 2.1 184.9 0 35.9-1.7 67.7-9.9 93.9-36.2 26.2-26.2 34.4-58 36.2-93.9 2.1-37 2.1-147.8 0-184.8zM398.8 388c-7.8 19.6-22.9 34.7-42.6 42.6-29.5 11.7-99.5 9-132.1 9s-102.7 2.6-132.1-9c-19.6-7.8-34.7-22.9-42.6-42.6-11.7-29.5-9-99.5-9-132.1s-2.6-102.7 9-132.1c7.8-19.6 22.9-34.7 42.6-42.6 29.5-11.7 99.5-9 132.1-9s102.7-2.6 132.1 9c19.6 7.8 34.7 22.9 42.6 42.6 11.7 29.5 9 99.5 9 132.1s2.7 102.7-9 132.1z\"><\/path><\/svg>\t\t\t\t\t<\/a>\n\t\t\t\t<\/span>\n\t\t\t\t\t<\/div>\n\t\t\t\t\t\t<\/div>\n\t\t\t\t<\/div>\n\t\t\t\t<div class=\"elementor-element elementor-element-644e948b elementor-widget elementor-widget-text-editor\" data-id=\"644e948b\" data-element_type=\"widget\" data-widget_type=\"text-editor.default\">\n\t\t\t\t<div class=\"elementor-widget-container\">\n\t\t\t\t\t\t\t\t\t<p><a href=\"https:\/\/wordpress.mu-niederbayern.de\/?page_id=39\">Impressum<\/a><br \/><a href=\"https:\/\/wordpress.mu-niederbayern.de\/?page_id=82\">Datenschutz<\/a><\/p>\t\t\t\t\t\t\t\t<\/div>\n\t\t\t\t<\/div>\n\t\t\t\t<\/div>\n\t\t\t\t\t<\/div>\n\t\t\t\t<\/div>\n\t\t\t\t<\/div>\n\t\t","protected":false},"excerpt":{"rendered":"<p>Unternehmerfr\u00fchst\u00fcck &#8222;Starke Unternehmerinnen&#8220; Am 16.11.2024 luden die CSU-Arbeitskreise der Mittelstandsunion sowie der Frauenunion zusammen zu einem Unternehmerfr\u00fchst\u00fcck mit dem Motto [&hellip;]<\/p>\n","protected":false},"author":1,"featured_media":228,"comment_status":"closed","ping_status":"closed","sticky":false,"template":"elementor_header_footer","format":"standard","meta":{"site-sidebar-layout":"default","site-content-layout":"","ast-site-content-layout":"","site-content-style":"default","site-sidebar-style":"default","ast-global-header-display":"","ast-banner-title-visibility":"","ast-main-header-display":"","ast-hfb-above-header-display":"","ast-hfb-below-header-display":"","ast-hfb-mobile-header-display":"","site-post-title":"disabled","ast-breadcrumbs-content":"","ast-featured-img":"","footer-sml-layout":"","theme-transparent-header-meta":"","adv-header-id-meta":"","stick-header-meta":"","header-above-stick-meta":"","header-main-stick-meta":"","header-below-stick-meta":"","astra-migrate-meta-layouts":"default","ast-page-background-enabled":"default","ast-page-background-meta":{"desktop":{"background-color":"var(--ast-global-color-4)","background-image":"","background-repeat":"repeat","background-position":"center center","background-size":"auto","background-attachment":"scroll","background-type":"","background-media":"","overlay-type":"","overlay-color":"","overlay-opacity":"","overlay-gradient":""},"tablet":{"background-color":"","background-image":"","background-repeat":"repeat","background-position":"center center","background-size":"auto","background-attachment":"scroll","background-type":"","background-media":"","overlay-type":"","overlay-color":"","overlay-opacity":"","overlay-gradient":""},"mobile":{"background-color":"","background-image":"","background-repeat":"repeat","background-position":"center center","background-size":"auto","background-attachment":"scroll","background-type":"","background-media":"","overlay-type":"","overlay-color":"","overlay-opacity":"","overlay-gradient":""}},"ast-content-background-meta":{"desktop":{"background-color":"var(--ast-global-color-5)","background-image":"","background-repeat":"repeat","background-position":"center center","background-size":"auto","background-attachment":"scroll","background-type":"","background-media":"","overlay-type":"","overlay-color":"","overlay-opacity":"","overlay-gradient":""},"tablet":{"background-color":"var(--ast-global-color-5)","background-image":"","background-repeat":"repeat","background-position":"center center","background-size":"auto","background-attachment":"scroll","background-type":"","background-media":"","overlay-type":"","overlay-color":"","overlay-opacity":"","overlay-gradient":""},"mobile":{"background-color":"var(--ast-global-color-5)","background-image":"","background-repeat":"repeat","background-position":"center center","background-size":"auto","background-attachment":"scroll","background-type":"","background-media":"","overlay-type":"","overlay-color":"","overlay-opacity":"","overlay-gradient":""}},"footnotes":""},"categories":[9],"tags":[50],"class_list":["post-98","post","type-post","status-publish","format-standard","has-post-thumbnail","hentry","category-kv_dingolfing_landau","tag-unternehmerfruehstueck"],"yoast_head":"<!-- This site is optimized with the Yoast SEO plugin v24.1 - https:\/\/yoast.com\/wordpress\/plugins\/seo\/ -->\n<title>Unternehmerfr\u00fchst\u00fcck &quot;Starke Unternehmerinnen&quot; - Mittelstandsunion Niederbayern<\/title>\n<meta name=\"robots\" content=\"index, follow, max-snippet:-1, max-image-preview:large, max-video-preview:-1\" \/>\n<link rel=\"canonical\" href=\"https:\/\/mu-niederbayern.de\/?p=98\" \/>\n<meta property=\"og:locale\" content=\"de_DE\" \/>\n<meta property=\"og:type\" content=\"article\" \/>\n<meta property=\"og:title\" content=\"Unternehmerfr\u00fchst\u00fcck &quot;Starke Unternehmerinnen&quot; - Mittelstandsunion Niederbayern\" \/>\n<meta property=\"og:description\" content=\"Unternehmerfr\u00fchst\u00fcck &#8222;Starke Unternehmerinnen&#8220; Am 16.11.2024 luden die CSU-Arbeitskreise der Mittelstandsunion sowie der Frauenunion zusammen zu einem Unternehmerfr\u00fchst\u00fcck mit dem Motto [&hellip;]\" \/>\n<meta property=\"og:url\" content=\"https:\/\/mu-niederbayern.de\/?p=98\" \/>\n<meta property=\"og:site_name\" content=\"Mittelstandsunion Niederbayern\" \/>\n<meta property=\"article:publisher\" content=\"https:\/\/www.facebook.com\/mu.niederbayern\" \/>\n<meta property=\"article:author\" content=\"https:\/\/www.facebook.com\/mu.niederbayern\" \/>\n<meta property=\"article:published_time\" content=\"2024-11-16T22:59:19+00:00\" \/>\n<meta property=\"article:modified_time\" content=\"2024-11-20T01:16:10+00:00\" \/>\n<meta property=\"og:image\" content=\"https:\/\/mu-niederbayern.de\/wp-content\/uploads\/2024\/11\/Vorschaubild_Unternehmerfruehstueck.jpg\" \/>\n\t<meta property=\"og:image:width\" content=\"1938\" \/>\n\t<meta property=\"og:image:height\" content=\"1292\" \/>\n\t<meta property=\"og:image:type\" content=\"image\/jpeg\" \/>\n<meta name=\"author\" content=\"Maria_Maier\" \/>\n<meta name=\"twitter:card\" content=\"summary_large_image\" \/>\n<meta name=\"twitter:label1\" content=\"Verfasst von\" \/>\n\t<meta name=\"twitter:data1\" content=\"Maria_Maier\" \/>\n\t<meta name=\"twitter:label2\" content=\"Gesch\u00e4tzte Lesezeit\" \/>\n\t<meta name=\"twitter:data2\" content=\"2\u00a0Minuten\" \/>\n<script type=\"application\/ld+json\" class=\"yoast-schema-graph\">{\"@context\":\"https:\/\/schema.org\",\"@graph\":[{\"@type\":\"Article\",\"@id\":\"https:\/\/mu-niederbayern.de\/?p=98#article\",\"isPartOf\":{\"@id\":\"https:\/\/mu-niederbayern.de\/?p=98\"},\"author\":{\"name\":\"Maria_Maier\",\"@id\":\"https:\/\/mu-niederbayern.de\/#\/schema\/person\/f724a0c2d62b0fc1d8284ef1d208e346\"},\"headline\":\"Unternehmerfr\u00fchst\u00fcck &#8222;Starke Unternehmerinnen&#8220;\",\"datePublished\":\"2024-11-16T22:59:19+00:00\",\"dateModified\":\"2024-11-20T01:16:10+00:00\",\"mainEntityOfPage\":{\"@id\":\"https:\/\/mu-niederbayern.de\/?p=98\"},\"wordCount\":215,\"publisher\":{\"@id\":\"https:\/\/mu-niederbayern.de\/#organization\"},\"image\":{\"@id\":\"https:\/\/mu-niederbayern.de\/?p=98#primaryimage\"},\"thumbnailUrl\":\"https:\/\/mu-niederbayern.de\/wp-content\/uploads\/2024\/11\/Vorschaubild_Unternehmerfruehstueck.jpg\",\"keywords\":[\"Unternehmerfr\u00fchst\u00fcck\"],\"articleSection\":[\"KV Dingolfing-Landau\"],\"inLanguage\":\"de\"},{\"@type\":\"WebPage\",\"@id\":\"https:\/\/mu-niederbayern.de\/?p=98\",\"url\":\"https:\/\/mu-niederbayern.de\/?p=98\",\"name\":\"Unternehmerfr\u00fchst\u00fcck \\\"Starke Unternehmerinnen\\\" - Mittelstandsunion Niederbayern\",\"isPartOf\":{\"@id\":\"https:\/\/mu-niederbayern.de\/#website\"},\"primaryImageOfPage\":{\"@id\":\"https:\/\/mu-niederbayern.de\/?p=98#primaryimage\"},\"image\":{\"@id\":\"https:\/\/mu-niederbayern.de\/?p=98#primaryimage\"},\"thumbnailUrl\":\"https:\/\/mu-niederbayern.de\/wp-content\/uploads\/2024\/11\/Vorschaubild_Unternehmerfruehstueck.jpg\",\"datePublished\":\"2024-11-16T22:59:19+00:00\",\"dateModified\":\"2024-11-20T01:16:10+00:00\",\"breadcrumb\":{\"@id\":\"https:\/\/mu-niederbayern.de\/?p=98#breadcrumb\"},\"inLanguage\":\"de\",\"potentialAction\":[{\"@type\":\"ReadAction\",\"target\":[\"https:\/\/mu-niederbayern.de\/?p=98\"]}]},{\"@type\":\"ImageObject\",\"inLanguage\":\"de\",\"@id\":\"https:\/\/mu-niederbayern.de\/?p=98#primaryimage\",\"url\":\"https:\/\/mu-niederbayern.de\/wp-content\/uploads\/2024\/11\/Vorschaubild_Unternehmerfruehstueck.jpg\",\"contentUrl\":\"https:\/\/mu-niederbayern.de\/wp-content\/uploads\/2024\/11\/Vorschaubild_Unternehmerfruehstueck.jpg\",\"width\":1938,\"height\":1292},{\"@type\":\"BreadcrumbList\",\"@id\":\"https:\/\/mu-niederbayern.de\/?p=98#breadcrumb\",\"itemListElement\":[{\"@type\":\"ListItem\",\"position\":1,\"name\":\"Startseite\",\"item\":\"https:\/\/mu-niederbayern.de\/\"},{\"@type\":\"ListItem\",\"position\":2,\"name\":\"Unternehmerfr\u00fchst\u00fcck &#8222;Starke Unternehmerinnen&#8220;\"}]},{\"@type\":\"WebSite\",\"@id\":\"https:\/\/mu-niederbayern.de\/#website\",\"url\":\"https:\/\/mu-niederbayern.de\/\",\"name\":\"Mittelstandsunion Niederbayern\",\"description\":\"Wir sind ein starkes Unternehmer-Netzwerk\",\"publisher\":{\"@id\":\"https:\/\/mu-niederbayern.de\/#organization\"},\"potentialAction\":[{\"@type\":\"SearchAction\",\"target\":{\"@type\":\"EntryPoint\",\"urlTemplate\":\"https:\/\/mu-niederbayern.de\/?s={search_term_string}\"},\"query-input\":{\"@type\":\"PropertyValueSpecification\",\"valueRequired\":true,\"valueName\":\"search_term_string\"}}],\"inLanguage\":\"de\"},{\"@type\":\"Organization\",\"@id\":\"https:\/\/mu-niederbayern.de\/#organization\",\"name\":\"Mittelstandsunion Niederbayern\",\"url\":\"https:\/\/mu-niederbayern.de\/\",\"logo\":{\"@type\":\"ImageObject\",\"inLanguage\":\"de\",\"@id\":\"https:\/\/mu-niederbayern.de\/#\/schema\/logo\/image\/\",\"url\":\"https:\/\/mu-niederbayern.de\/wp-content\/uploads\/2024\/11\/cropped-csu-logo-4c_pos-web.png\",\"contentUrl\":\"https:\/\/mu-niederbayern.de\/wp-content\/uploads\/2024\/11\/cropped-csu-logo-4c_pos-web.png\",\"width\":512,\"height\":271,\"caption\":\"Mittelstandsunion Niederbayern\"},\"image\":{\"@id\":\"https:\/\/mu-niederbayern.de\/#\/schema\/logo\/image\/\"},\"sameAs\":[\"https:\/\/www.facebook.com\/mu.niederbayern\",\"https:\/\/www.instagram.com\/mu_niederbayern\/\"]},{\"@type\":\"Person\",\"@id\":\"https:\/\/mu-niederbayern.de\/#\/schema\/person\/f724a0c2d62b0fc1d8284ef1d208e346\",\"name\":\"Maria_Maier\",\"image\":{\"@type\":\"ImageObject\",\"inLanguage\":\"de\",\"@id\":\"https:\/\/mu-niederbayern.de\/#\/schema\/person\/image\/\",\"url\":\"https:\/\/secure.gravatar.com\/avatar\/3071eb7b4521e45b14940f5fa988b0dcb20447ab0050d748d6d3d62e71e69e8b?s=96&d=mm&r=g\",\"contentUrl\":\"https:\/\/secure.gravatar.com\/avatar\/3071eb7b4521e45b14940f5fa988b0dcb20447ab0050d748d6d3d62e71e69e8b?s=96&d=mm&r=g\",\"caption\":\"Maria_Maier\"},\"sameAs\":[\"https:\/\/wordpress.mu-niederbayern.de\",\"https:\/\/www.facebook.com\/mu.niederbayern\",\"https:\/\/www.instagram.com\/mu_niederbayern\/\"],\"url\":\"https:\/\/mu-niederbayern.de\/?author=1\"}]}<\/script>\n<!-- \/ Yoast SEO plugin. -->","yoast_head_json":{"title":"Unternehmerfr\u00fchst\u00fcck \"Starke Unternehmerinnen\" - Mittelstandsunion Niederbayern","robots":{"index":"index","follow":"follow","max-snippet":"max-snippet:-1","max-image-preview":"max-image-preview:large","max-video-preview":"max-video-preview:-1"},"canonical":"https:\/\/mu-niederbayern.de\/?p=98","og_locale":"de_DE","og_type":"article","og_title":"Unternehmerfr\u00fchst\u00fcck \"Starke Unternehmerinnen\" - Mittelstandsunion Niederbayern","og_description":"Unternehmerfr\u00fchst\u00fcck &#8222;Starke Unternehmerinnen&#8220; Am 16.11.2024 luden die CSU-Arbeitskreise der Mittelstandsunion sowie der Frauenunion zusammen zu einem Unternehmerfr\u00fchst\u00fcck mit dem Motto [&hellip;]","og_url":"https:\/\/mu-niederbayern.de\/?p=98","og_site_name":"Mittelstandsunion Niederbayern","article_publisher":"https:\/\/www.facebook.com\/mu.niederbayern","article_author":"https:\/\/www.facebook.com\/mu.niederbayern","article_published_time":"2024-11-16T22:59:19+00:00","article_modified_time":"2024-11-20T01:16:10+00:00","og_image":[{"width":1938,"height":1292,"url":"https:\/\/mu-niederbayern.de\/wp-content\/uploads\/2024\/11\/Vorschaubild_Unternehmerfruehstueck.jpg","type":"image\/jpeg"}],"author":"Maria_Maier","twitter_card":"summary_large_image","twitter_misc":{"Verfasst von":"Maria_Maier","Gesch\u00e4tzte Lesezeit":"2\u00a0Minuten"},"schema":{"@context":"https:\/\/schema.org","@graph":[{"@type":"Article","@id":"https:\/\/mu-niederbayern.de\/?p=98#article","isPartOf":{"@id":"https:\/\/mu-niederbayern.de\/?p=98"},"author":{"name":"Maria_Maier","@id":"https:\/\/mu-niederbayern.de\/#\/schema\/person\/f724a0c2d62b0fc1d8284ef1d208e346"},"headline":"Unternehmerfr\u00fchst\u00fcck &#8222;Starke Unternehmerinnen&#8220;","datePublished":"2024-11-16T22:59:19+00:00","dateModified":"2024-11-20T01:16:10+00:00","mainEntityOfPage":{"@id":"https:\/\/mu-niederbayern.de\/?p=98"},"wordCount":215,"publisher":{"@id":"https:\/\/mu-niederbayern.de\/#organization"},"image":{"@id":"https:\/\/mu-niederbayern.de\/?p=98#primaryimage"},"thumbnailUrl":"https:\/\/mu-niederbayern.de\/wp-content\/uploads\/2024\/11\/Vorschaubild_Unternehmerfruehstueck.jpg","keywords":["Unternehmerfr\u00fchst\u00fcck"],"articleSection":["KV Dingolfing-Landau"],"inLanguage":"de"},{"@type":"WebPage","@id":"https:\/\/mu-niederbayern.de\/?p=98","url":"https:\/\/mu-niederbayern.de\/?p=98","name":"Unternehmerfr\u00fchst\u00fcck \"Starke Unternehmerinnen\" - Mittelstandsunion Niederbayern","isPartOf":{"@id":"https:\/\/mu-niederbayern.de\/#website"},"primaryImageOfPage":{"@id":"https:\/\/mu-niederbayern.de\/?p=98#primaryimage"},"image":{"@id":"https:\/\/mu-niederbayern.de\/?p=98#primaryimage"},"thumbnailUrl":"https:\/\/mu-niederbayern.de\/wp-content\/uploads\/2024\/11\/Vorschaubild_Unternehmerfruehstueck.jpg","datePublished":"2024-11-16T22:59:19+00:00","dateModified":"2024-11-20T01:16:10+00:00","breadcrumb":{"@id":"https:\/\/mu-niederbayern.de\/?p=98#breadcrumb"},"inLanguage":"de","potentialAction":[{"@type":"ReadAction","target":["https:\/\/mu-niederbayern.de\/?p=98"]}]},{"@type":"ImageObject","inLanguage":"de","@id":"https:\/\/mu-niederbayern.de\/?p=98#primaryimage","url":"https:\/\/mu-niederbayern.de\/wp-content\/uploads\/2024\/11\/Vorschaubild_Unternehmerfruehstueck.jpg","contentUrl":"https:\/\/mu-niederbayern.de\/wp-content\/uploads\/2024\/11\/Vorschaubild_Unternehmerfruehstueck.jpg","width":1938,"height":1292},{"@type":"BreadcrumbList","@id":"https:\/\/mu-niederbayern.de\/?p=98#breadcrumb","itemListElement":[{"@type":"ListItem","position":1,"name":"Startseite","item":"https:\/\/mu-niederbayern.de\/"},{"@type":"ListItem","position":2,"name":"Unternehmerfr\u00fchst\u00fcck &#8222;Starke Unternehmerinnen&#8220;"}]},{"@type":"WebSite","@id":"https:\/\/mu-niederbayern.de\/#website","url":"https:\/\/mu-niederbayern.de\/","name":"Mittelstandsunion Niederbayern","description":"Wir sind ein starkes Unternehmer-Netzwerk","publisher":{"@id":"https:\/\/mu-niederbayern.de\/#organization"},"potentialAction":[{"@type":"SearchAction","target":{"@type":"EntryPoint","urlTemplate":"https:\/\/mu-niederbayern.de\/?s={search_term_string}"},"query-input":{"@type":"PropertyValueSpecification","valueRequired":true,"valueName":"search_term_string"}}],"inLanguage":"de"},{"@type":"Organization","@id":"https:\/\/mu-niederbayern.de\/#organization","name":"Mittelstandsunion Niederbayern","url":"https:\/\/mu-niederbayern.de\/","logo":{"@type":"ImageObject","inLanguage":"de","@id":"https:\/\/mu-niederbayern.de\/#\/schema\/logo\/image\/","url":"https:\/\/mu-niederbayern.de\/wp-content\/uploads\/2024\/11\/cropped-csu-logo-4c_pos-web.png","contentUrl":"https:\/\/mu-niederbayern.de\/wp-content\/uploads\/2024\/11\/cropped-csu-logo-4c_pos-web.png","width":512,"height":271,"caption":"Mittelstandsunion Niederbayern"},"image":{"@id":"https:\/\/mu-niederbayern.de\/#\/schema\/logo\/image\/"},"sameAs":["https:\/\/www.facebook.com\/mu.niederbayern","https:\/\/www.instagram.com\/mu_niederbayern\/"]},{"@type":"Person","@id":"https:\/\/mu-niederbayern.de\/#\/schema\/person\/f724a0c2d62b0fc1d8284ef1d208e346","name":"Maria_Maier","image":{"@type":"ImageObject","inLanguage":"de","@id":"https:\/\/mu-niederbayern.de\/#\/schema\/person\/image\/","url":"https:\/\/secure.gravatar.com\/avatar\/3071eb7b4521e45b14940f5fa988b0dcb20447ab0050d748d6d3d62e71e69e8b?s=96&d=mm&r=g","contentUrl":"https:\/\/secure.gravatar.com\/avatar\/3071eb7b4521e45b14940f5fa988b0dcb20447ab0050d748d6d3d62e71e69e8b?s=96&d=mm&r=g","caption":"Maria_Maier"},"sameAs":["https:\/\/wordpress.mu-niederbayern.de","https:\/\/www.facebook.com\/mu.niederbayern","https:\/\/www.instagram.com\/mu_niederbayern\/"],"url":"https:\/\/mu-niederbayern.de\/?author=1"}]}},"_links":{"self":[{"href":"https:\/\/mu-niederbayern.de\/index.php?rest_route=\/wp\/v2\/posts\/98","targetHints":{"allow":["GET"]}}],"collection":[{"href":"https:\/\/mu-niederbayern.de\/index.php?rest_route=\/wp\/v2\/posts"}],"about":[{"href":"https:\/\/mu-niederbayern.de\/index.php?rest_route=\/wp\/v2\/types\/post"}],"author":[{"embeddable":true,"href":"https:\/\/mu-niederbayern.de\/index.php?rest_route=\/wp\/v2\/users\/1"}],"replies":[{"embeddable":true,"href":"https:\/\/mu-niederbayern.de\/index.php?rest_route=%2Fwp%2Fv2%2Fcomments&post=98"}],"version-history":[{"count":13,"href":"https:\/\/mu-niederbayern.de\/index.php?rest_route=\/wp\/v2\/posts\/98\/revisions"}],"predecessor-version":[{"id":221,"href":"https:\/\/mu-niederbayern.de\/index.php?rest_route=\/wp\/v2\/posts\/98\/revisions\/221"}],"wp:featuredmedia":[{"embeddable":true,"href":"https:\/\/mu-niederbayern.de\/index.php?rest_route=\/wp\/v2\/media\/228"}],"wp:attachment":[{"href":"https:\/\/mu-niederbayern.de\/index.php?rest_route=%2Fwp%2Fv2%2Fmedia&parent=98"}],"wp:term":[{"taxonomy":"category","embeddable":true,"href":"https:\/\/mu-niederbayern.de\/index.php?rest_route=%2Fwp%2Fv2%2Fcategories&post=98"},{"taxonomy":"post_tag","embeddable":true,"href":"https:\/\/mu-niederbayern.de\/index.php?rest_route=%2Fwp%2Fv2%2Ftags&post=98"}],"curies":[{"name":"wp","href":"https:\/\/api.w.org\/{rel}","templated":true}]}}